{"id":3361,"date":"2023-03-07T16:23:12","date_gmt":"2023-03-07T15:23:12","guid":{"rendered":"https:\/\/www.ecomusee-rural.com\/?p=3361"},"modified":"2023-03-07T16:23:44","modified_gmt":"2023-03-07T15:23:44","slug":"ateliers-savoir-faire-pendant-les-vacances-davril","status":"publish","type":"post","link":"https:\/\/www.ecomusee-rural.com\/?p=3361","title":{"rendered":"Ateliers savoir-faire pendant les vacances d&rsquo;avril"},"content":{"rendered":"<p>L&rsquo;Ecomus\u00e9e se pr\u00e9pare au printemps avec de nouvelles animations et ateliers durant ces vacances<br \/>\nVoici le programme d\u00e9taill\u00e9<br \/>\nLes inscriptions sont d\u00e9j\u00e0 ouvertes !<br \/>\nD\u00e9but des ateliers \u00e0 14h<br \/>\nLe tarif s&rsquo;entend par enfant et par accompagnateur<br \/>\nR\u00e8glement par ch\u00e8que ou esp\u00e8ce<\/p>\n<p>Venez nombreux en famille<\/p>\n<p><a href=\"https:\/\/www.ecomusee-rural.com\/wp-content\/uploads\/2023\/03\/Flyers-vacances-avril-2023-page-001.jpg\"><img loading=\"lazy\" class=\"aligncenter size-full wp-image-3362\" src=\"https:\/\/www.ecomusee-rural.com\/wp-content\/uploads\/2023\/03\/Flyers-vacances-avril-2023-page-001.jpg\" alt=\"\" width=\"2338\" height=\"2481\" srcset=\"https:\/\/www.ecomusee-rural.com\/wp-content\/uploads\/2023\/03\/Flyers-vacances-avril-2023-page-001.jpg 2338w, https:\/\/www.ecomusee-rural.com\/wp-content\/uploads\/2023\/03\/Flyers-vacances-avril-2023-page-001-283x300.jpg 283w, https:\/\/www.ecomusee-rural.com\/wp-content\/uploads\/2023\/03\/Flyers-vacances-avril-2023-page-001-965x1024.jpg 965w, https:\/\/www.ecomusee-rural.com\/wp-content\/uploads\/2023\/03\/Flyers-vacances-avril-2023-page-001-768x815.jpg 768w, https:\/\/www.ecomusee-rural.com\/wp-content\/uploads\/2023\/03\/Flyers-vacances-avril-2023-page-001-1447x1536.jpg 1447w, https:\/\/www.ecomusee-rural.com\/wp-content\/uploads\/2023\/03\/Flyers-vacances-avril-2023-page-001-1930x2048.jpg 1930w\" sizes=\"(max-width: 2338px) 100vw, 2338px\" \/><\/a><\/p>\n","protected":false},"excerpt":{"rendered":"<p>L&rsquo;Ecomus\u00e9e se pr\u00e9pare au printemps avec de nouvelles animations et ateliers durant ces vacances Voici le programme d\u00e9taill\u00e9 Les inscriptions sont d\u00e9j\u00e0 ouvertes ! D\u00e9but des ateliers \u00e0 14h Le tarif s&rsquo;entend par enfant et par accompagnateur R\u00e8glement par ch\u00e8que<\/p>\n","protected":false},"author":3,"featured_media":0,"comment_status":"open","ping_status":"open","sticky":false,"template":"","format":"standard","meta":[],"categories":[1],"tags":[],"acf":[],"_links":{"self":[{"href":"https:\/\/www.ecomusee-rural.com\/index.php?rest_route=\/wp\/v2\/posts\/3361"}],"collection":[{"href":"https:\/\/www.ecomusee-rural.com\/index.php?rest_route=\/wp\/v2\/posts"}],"about":[{"href":"https:\/\/www.ecomusee-rural.com\/index.php?rest_route=\/wp\/v2\/types\/post"}],"author":[{"embeddable":true,"href":"https:\/\/www.ecomusee-rural.com\/index.php?rest_route=\/wp\/v2\/users\/3"}],"replies":[{"embeddable":true,"href":"https:\/\/www.ecomusee-rural.com\/index.php?rest_route=%2Fwp%2Fv2%2Fcomments&post=3361"}],"version-history":[{"count":2,"href":"https:\/\/www.ecomusee-rural.com\/index.php?rest_route=\/wp\/v2\/posts\/3361\/revisions"}],"predecessor-version":[{"id":3364,"href":"https:\/\/www.ecomusee-rural.com\/index.php?rest_route=\/wp\/v2\/posts\/3361\/revisions\/3364"}],"wp:attachment":[{"href":"https:\/\/www.ecomusee-rural.com\/index.php?rest_route=%2Fwp%2Fv2%2Fmedia&parent=3361"}],"wp:term":[{"taxonomy":"category","embeddable":true,"href":"https:\/\/www.ecomusee-rural.com\/index.php?rest_route=%2Fwp%2Fv2%2Fcategories&post=3361"},{"taxonomy":"post_tag","embeddable":true,"href":"https:\/\/www.ecomusee-rural.com\/index.php?rest_route=%2Fwp%2Fv2%2Ftags&post=3361"}],"curies":[{"name":"wp","href":"https:\/\/api.w.org\/{rel}","templated":true}]}}