{"id":3461,"date":"2023-08-16T16:24:44","date_gmt":"2023-08-16T15:24:44","guid":{"rendered":"https:\/\/www.ecomusee-rural.com\/?p=3461"},"modified":"2023-08-28T14:08:04","modified_gmt":"2023-08-28T13:08:04","slug":"fete-du-ble-noir-le-10-septembre-2023","status":"publish","type":"post","link":"https:\/\/www.ecomusee-rural.com\/?p=3461","title":{"rendered":"F\u00eate du Bl\u00e9 Noir le 10 septembre 2023"},"content":{"rendered":"<p>La f\u00eate du bl\u00e9 noir revient cette ann\u00e9e avec un riche programme:<\/p>\n<p>Dimanche 10 Septembre<\/p>\n<p>DES 11 HEURES ENTREE GRATUITE<\/p>\n<p>Restauration le midi Repas Fermier<\/p>\n<p>toute la journ\u00e9e cr\u00eaperie, grillades,<\/p>\n<p>bar \u00e0 vin et cidre breton<\/p>\n<p>Animation musicale et spectacle avec le BAGAD ALAN BARVEK<\/p>\n<p>D\u00e9monstration de fauche du bl\u00e9 noir avec la faucheuse \u00e0 cheval \/ 15h00<br \/>\nAnimation vieux m\u00e9tiers<br \/>\nBattage du bl\u00e9 noir \u00e0 la batteuse Onillon \/ 16h<br \/>\nArtisanat et produits du terroir<br \/>\nJeux traditionnels bretons pour adultes et enfants<br \/>\nP\u00eache \u00e0 la ligne \u2013<br \/>\nArrachage des pommes de terre et vente directe<br \/>\nJeux de force bretonne avec le Bagad<br \/>\nTir \u00e0 la corde \u2013 lanc\u00e9 de botte de paille<br \/>\nFabrication et d\u00e9gustation de beurre au ribot et \u00e0 la baratte \/ 14h30<br \/>\nPain cuit au feu de bois \u00e0 l\u2019ancienne \u2013 toute la journ\u00e9e<br \/>\nD\u00e9monstration broyage de pommes et fabrication de cidre\u00a0 \/ 16h<br \/>\nSuper bourriche<br \/>\nDict\u00e9e \u00e0 l\u2019ancienne \u00e0 la plume \u00ab\u00a0sergent major\u00a0\u00bb<br \/>\nPortes ouvertes des hangars d\u2019exposition<br \/>\nINFO: 02.40.57.14.51<\/p>\n<p><a href=\"https:\/\/www.ecomusee-rural.com\/wp-content\/uploads\/2023\/08\/Affiche-ble-noir-2023.jpg\"><img loading=\"lazy\" class=\"aligncenter size-full wp-image-3462\" src=\"https:\/\/www.ecomusee-rural.com\/wp-content\/uploads\/2023\/08\/Affiche-ble-noir-2023.jpg\" alt=\"\" width=\"1587\" height=\"2245\" srcset=\"https:\/\/www.ecomusee-rural.com\/wp-content\/uploads\/2023\/08\/Affiche-ble-noir-2023.jpg 1587w, https:\/\/www.ecomusee-rural.com\/wp-content\/uploads\/2023\/08\/Affiche-ble-noir-2023-212x300.jpg 212w, https:\/\/www.ecomusee-rural.com\/wp-content\/uploads\/2023\/08\/Affiche-ble-noir-2023-724x1024.jpg 724w, https:\/\/www.ecomusee-rural.com\/wp-content\/uploads\/2023\/08\/Affiche-ble-noir-2023-768x1086.jpg 768w, https:\/\/www.ecomusee-rural.com\/wp-content\/uploads\/2023\/08\/Affiche-ble-noir-2023-1086x1536.jpg 1086w, https:\/\/www.ecomusee-rural.com\/wp-content\/uploads\/2023\/08\/Affiche-ble-noir-2023-1448x2048.jpg 1448w\" sizes=\"(max-width: 1587px) 100vw, 1587px\" \/><\/a><\/p>\n","protected":false},"excerpt":{"rendered":"<p>La f\u00eate du bl\u00e9 noir revient cette ann\u00e9e avec un riche programme: Dimanche 10 Septembre DES 11 HEURES ENTREE GRATUITE Restauration le midi Repas Fermier toute la journ\u00e9e cr\u00eaperie, grillades, bar \u00e0 vin et cidre breton Animation musicale et spectacle<\/p>\n","protected":false},"author":3,"featured_media":0,"comment_status":"open","ping_status":"open","sticky":false,"template":"","format":"standard","meta":[],"categories":[1],"tags":[],"acf":[],"_links":{"self":[{"href":"https:\/\/www.ecomusee-rural.com\/index.php?rest_route=\/wp\/v2\/posts\/3461"}],"collection":[{"href":"https:\/\/www.ecomusee-rural.com\/index.php?rest_route=\/wp\/v2\/posts"}],"about":[{"href":"https:\/\/www.ecomusee-rural.com\/index.php?rest_route=\/wp\/v2\/types\/post"}],"author":[{"embeddable":true,"href":"https:\/\/www.ecomusee-rural.com\/index.php?rest_route=\/wp\/v2\/users\/3"}],"replies":[{"embeddable":true,"href":"https:\/\/www.ecomusee-rural.com\/index.php?rest_route=%2Fwp%2Fv2%2Fcomments&post=3461"}],"version-history":[{"count":2,"href":"https:\/\/www.ecomusee-rural.com\/index.php?rest_route=\/wp\/v2\/posts\/3461\/revisions"}],"predecessor-version":[{"id":3465,"href":"https:\/\/www.ecomusee-rural.com\/index.php?rest_route=\/wp\/v2\/posts\/3461\/revisions\/3465"}],"wp:attachment":[{"href":"https:\/\/www.ecomusee-rural.com\/index.php?rest_route=%2Fwp%2Fv2%2Fmedia&parent=3461"}],"wp:term":[{"taxonomy":"category","embeddable":true,"href":"https:\/\/www.ecomusee-rural.com\/index.php?rest_route=%2Fwp%2Fv2%2Fcategories&post=3461"},{"taxonomy":"post_tag","embeddable":true,"href":"https:\/\/www.ecomusee-rural.com\/index.php?rest_route=%2Fwp%2Fv2%2Ftags&post=3461"}],"curies":[{"name":"wp","href":"https:\/\/api.w.org\/{rel}","templated":true}]}}