{"id":3563,"date":"2024-02-02T16:15:08","date_gmt":"2024-02-02T15:15:08","guid":{"rendered":"https:\/\/www.ecomusee-rural.com\/?p=3563"},"modified":"2024-02-02T16:15:08","modified_gmt":"2024-02-02T15:15:08","slug":"ateliers-et-animations-savoir-faire-des-vacances-de-fevrier","status":"publish","type":"post","link":"https:\/\/www.ecomusee-rural.com\/?p=3563","title":{"rendered":"Ateliers et animations savoir-faire des vacances de f\u00e9vrier"},"content":{"rendered":"<p>Voici le programme des prochains ateliers savoir-faire de l&rsquo; \u00c9comus\u00e9e rural du pays nantais pendant les vacances \u00e0 partir du 26 f\u00e9vrier de 14h \u00e0 16h.<br \/>\nVenez faire le plein d&rsquo;activit\u00e9, de cr\u00e9ativit\u00e9 et de convivialit\u00e9 \u00e0 l&rsquo;ancienne ferme de la Paquelais. &#x1f929;&#x1f469;&#x1f3ff;&#x200d;&#x1f9b0;&#x1f466;&#x1f469;&#x200d;&#x1f9b0;&#x1f471;&#x1f3fd;&#x200d;&#x2640;&#xfe0f;&#x1f469;&#x1f3ff;&#x200d;&#x1f9b1;<br \/>\nInscriptions \u00e0 ecomuseeruralvigneuxdebretagne@gmail.com<br \/>\n&#x203c;&#xfe0f; L&rsquo;atelier nichoir est d\u00e9j\u00e0 complet &#x203c;&#xfe0f;<\/p>\n<p><a href=\"https:\/\/www.ecomusee-rural.com\/wp-content\/uploads\/2024\/02\/Flyers-fevrier-2024.png\"><img loading=\"lazy\" src=\"https:\/\/www.ecomusee-rural.com\/wp-content\/uploads\/2024\/02\/Flyers-fevrier-2024.png\" alt=\"\" width=\"1886\" height=\"2000\" class=\"aligncenter size-full wp-image-3564\" srcset=\"https:\/\/www.ecomusee-rural.com\/wp-content\/uploads\/2024\/02\/Flyers-fevrier-2024.png 1886w, https:\/\/www.ecomusee-rural.com\/wp-content\/uploads\/2024\/02\/Flyers-fevrier-2024-283x300.png 283w, https:\/\/www.ecomusee-rural.com\/wp-content\/uploads\/2024\/02\/Flyers-fevrier-2024-966x1024.png 966w, https:\/\/www.ecomusee-rural.com\/wp-content\/uploads\/2024\/02\/Flyers-fevrier-2024-768x814.png 768w, https:\/\/www.ecomusee-rural.com\/wp-content\/uploads\/2024\/02\/Flyers-fevrier-2024-1448x1536.png 1448w\" sizes=\"(max-width: 1886px) 100vw, 1886px\" \/><\/a><\/p>\n","protected":false},"excerpt":{"rendered":"<p>Voici le programme des prochains ateliers savoir-faire de l&rsquo; \u00c9comus\u00e9e rural du pays nantais pendant les vacances \u00e0 partir du 26 f\u00e9vrier de 14h \u00e0 16h. Venez faire le plein d&rsquo;activit\u00e9, de cr\u00e9ativit\u00e9 et de convivialit\u00e9 \u00e0 l&rsquo;ancienne ferme de<\/p>\n","protected":false},"author":3,"featured_media":0,"comment_status":"open","ping_status":"open","sticky":false,"template":"","format":"standard","meta":[],"categories":[1],"tags":[],"acf":[],"_links":{"self":[{"href":"https:\/\/www.ecomusee-rural.com\/index.php?rest_route=\/wp\/v2\/posts\/3563"}],"collection":[{"href":"https:\/\/www.ecomusee-rural.com\/index.php?rest_route=\/wp\/v2\/posts"}],"about":[{"href":"https:\/\/www.ecomusee-rural.com\/index.php?rest_route=\/wp\/v2\/types\/post"}],"author":[{"embeddable":true,"href":"https:\/\/www.ecomusee-rural.com\/index.php?rest_route=\/wp\/v2\/users\/3"}],"replies":[{"embeddable":true,"href":"https:\/\/www.ecomusee-rural.com\/index.php?rest_route=%2Fwp%2Fv2%2Fcomments&post=3563"}],"version-history":[{"count":1,"href":"https:\/\/www.ecomusee-rural.com\/index.php?rest_route=\/wp\/v2\/posts\/3563\/revisions"}],"predecessor-version":[{"id":3565,"href":"https:\/\/www.ecomusee-rural.com\/index.php?rest_route=\/wp\/v2\/posts\/3563\/revisions\/3565"}],"wp:attachment":[{"href":"https:\/\/www.ecomusee-rural.com\/index.php?rest_route=%2Fwp%2Fv2%2Fmedia&parent=3563"}],"wp:term":[{"taxonomy":"category","embeddable":true,"href":"https:\/\/www.ecomusee-rural.com\/index.php?rest_route=%2Fwp%2Fv2%2Fcategories&post=3563"},{"taxonomy":"post_tag","embeddable":true,"href":"https:\/\/www.ecomusee-rural.com\/index.php?rest_route=%2Fwp%2Fv2%2Ftags&post=3563"}],"curies":[{"name":"wp","href":"https:\/\/api.w.org\/{rel}","templated":true}]}}