{"id":3687,"date":"2024-05-17T14:32:29","date_gmt":"2024-05-17T13:32:29","guid":{"rendered":"https:\/\/www.ecomusee-rural.com\/?p=3687"},"modified":"2024-05-17T14:32:29","modified_gmt":"2024-05-17T13:32:29","slug":"1er-vide-grenier-a-lecomusee-rural-dimanche-9-juin-2024","status":"publish","type":"post","link":"https:\/\/www.ecomusee-rural.com\/?p=3687","title":{"rendered":"1er Vide Grenier \u00e0 l&rsquo;Ecomus\u00e9e Rural &#8211; Dimanche 9 juin 2024"},"content":{"rendered":"<p>Le dimanche 9 juin prochain, l&rsquo;association de l&rsquo;Ecomus\u00e9e Rural organisera son 1er vide grenier sur son site de l&rsquo;ancienne ferme \u00e0 la Pauqelais<br \/>\nOuverture des exposants \u00e0 partir de 6h30<br \/>\nEmplacements: 4x3m &#8211; 13\u20ac<br \/>\nOuverture public: 8h\/18h<br \/>\nSite champ\u00eatre et ombrag\u00e9<br \/>\nBulletin et inscription \u00e0 ecomuseeruralvigneuxdebretagne@gmail.com <\/p>\n<p><a href=\"https:\/\/www.ecomusee-rural.com\/wp-content\/uploads\/2024\/05\/Vide-Grenier-9-juin.jpg\"><img loading=\"lazy\" src=\"https:\/\/www.ecomusee-rural.com\/wp-content\/uploads\/2024\/05\/Vide-Grenier-9-juin.jpg\" alt=\"\" width=\"1587\" height=\"2245\" class=\"aligncenter size-full wp-image-3688\" srcset=\"https:\/\/www.ecomusee-rural.com\/wp-content\/uploads\/2024\/05\/Vide-Grenier-9-juin.jpg 1587w, https:\/\/www.ecomusee-rural.com\/wp-content\/uploads\/2024\/05\/Vide-Grenier-9-juin-212x300.jpg 212w, https:\/\/www.ecomusee-rural.com\/wp-content\/uploads\/2024\/05\/Vide-Grenier-9-juin-724x1024.jpg 724w, https:\/\/www.ecomusee-rural.com\/wp-content\/uploads\/2024\/05\/Vide-Grenier-9-juin-768x1086.jpg 768w, https:\/\/www.ecomusee-rural.com\/wp-content\/uploads\/2024\/05\/Vide-Grenier-9-juin-1086x1536.jpg 1086w, https:\/\/www.ecomusee-rural.com\/wp-content\/uploads\/2024\/05\/Vide-Grenier-9-juin-1448x2048.jpg 1448w\" sizes=\"(max-width: 1587px) 100vw, 1587px\" \/><\/a><\/p>\n","protected":false},"excerpt":{"rendered":"<p>Le dimanche 9 juin prochain, l&rsquo;association de l&rsquo;Ecomus\u00e9e Rural organisera son 1er vide grenier sur son site de l&rsquo;ancienne ferme \u00e0 la Pauqelais Ouverture des exposants \u00e0 partir de 6h30 Emplacements: 4x3m &#8211; 13\u20ac Ouverture public: 8h\/18h Site champ\u00eatre et<\/p>\n","protected":false},"author":3,"featured_media":0,"comment_status":"open","ping_status":"open","sticky":false,"template":"","format":"standard","meta":[],"categories":[1],"tags":[],"acf":[],"_links":{"self":[{"href":"https:\/\/www.ecomusee-rural.com\/index.php?rest_route=\/wp\/v2\/posts\/3687"}],"collection":[{"href":"https:\/\/www.ecomusee-rural.com\/index.php?rest_route=\/wp\/v2\/posts"}],"about":[{"href":"https:\/\/www.ecomusee-rural.com\/index.php?rest_route=\/wp\/v2\/types\/post"}],"author":[{"embeddable":true,"href":"https:\/\/www.ecomusee-rural.com\/index.php?rest_route=\/wp\/v2\/users\/3"}],"replies":[{"embeddable":true,"href":"https:\/\/www.ecomusee-rural.com\/index.php?rest_route=%2Fwp%2Fv2%2Fcomments&post=3687"}],"version-history":[{"count":1,"href":"https:\/\/www.ecomusee-rural.com\/index.php?rest_route=\/wp\/v2\/posts\/3687\/revisions"}],"predecessor-version":[{"id":3689,"href":"https:\/\/www.ecomusee-rural.com\/index.php?rest_route=\/wp\/v2\/posts\/3687\/revisions\/3689"}],"wp:attachment":[{"href":"https:\/\/www.ecomusee-rural.com\/index.php?rest_route=%2Fwp%2Fv2%2Fmedia&parent=3687"}],"wp:term":[{"taxonomy":"category","embeddable":true,"href":"https:\/\/www.ecomusee-rural.com\/index.php?rest_route=%2Fwp%2Fv2%2Fcategories&post=3687"},{"taxonomy":"post_tag","embeddable":true,"href":"https:\/\/www.ecomusee-rural.com\/index.php?rest_route=%2Fwp%2Fv2%2Ftags&post=3687"}],"curies":[{"name":"wp","href":"https:\/\/api.w.org\/{rel}","templated":true}]}}