{"id":3763,"date":"2024-09-16T09:18:44","date_gmt":"2024-09-16T08:18:44","guid":{"rendered":"https:\/\/www.ecomusee-rural.com\/?p=3763"},"modified":"2024-09-16T09:18:44","modified_gmt":"2024-09-16T08:18:44","slug":"journee-europeenne-du-patrimoine-2024","status":"publish","type":"post","link":"https:\/\/www.ecomusee-rural.com\/?p=3763","title":{"rendered":"Journ\u00e9e europ\u00e9enne du Patrimoine 2024"},"content":{"rendered":"<p>Le Moulin Neuf sera ouvert au public lors des Journ\u00e9es Europ\u00e9ennes du Patrimoine<br \/>\nLe dimanche 22 septembre de 11h \u00e0 18h<br \/>\nAu programme:<br \/>\nvisite du moulin<br \/>\nexplication sur la fabrication de la farine de bl\u00e9 noir<br \/>\nrestauration sur place et \u00e0 emporter<br \/>\ncr\u00eapes et galettes<\/p>\n<p>Entr\u00e9e gratuite<\/p>\n<p><a href=\"https:\/\/www.ecomusee-rural.com\/wp-content\/uploads\/2024\/09\/Flyer-Journees-du-Patrimoine-2024.png\"><img loading=\"lazy\" src=\"https:\/\/www.ecomusee-rural.com\/wp-content\/uploads\/2024\/09\/Flyer-Journees-du-Patrimoine-2024.png\" alt=\"\" width=\"1414\" height=\"2000\" class=\"aligncenter size-full wp-image-3764\" srcset=\"https:\/\/www.ecomusee-rural.com\/wp-content\/uploads\/2024\/09\/Flyer-Journees-du-Patrimoine-2024.png 1414w, https:\/\/www.ecomusee-rural.com\/wp-content\/uploads\/2024\/09\/Flyer-Journees-du-Patrimoine-2024-212x300.png 212w, https:\/\/www.ecomusee-rural.com\/wp-content\/uploads\/2024\/09\/Flyer-Journees-du-Patrimoine-2024-724x1024.png 724w, https:\/\/www.ecomusee-rural.com\/wp-content\/uploads\/2024\/09\/Flyer-Journees-du-Patrimoine-2024-768x1086.png 768w, https:\/\/www.ecomusee-rural.com\/wp-content\/uploads\/2024\/09\/Flyer-Journees-du-Patrimoine-2024-1086x1536.png 1086w\" sizes=\"(max-width: 1414px) 100vw, 1414px\" \/><\/a><\/p>\n","protected":false},"excerpt":{"rendered":"<p>Le Moulin Neuf sera ouvert au public lors des Journ\u00e9es Europ\u00e9ennes du Patrimoine Le dimanche 22 septembre de 11h \u00e0 18h Au programme: visite du moulin explication sur la fabrication de la farine de bl\u00e9 noir restauration sur place et<\/p>\n","protected":false},"author":3,"featured_media":0,"comment_status":"open","ping_status":"open","sticky":false,"template":"","format":"standard","meta":[],"categories":[1],"tags":[],"acf":[],"_links":{"self":[{"href":"https:\/\/www.ecomusee-rural.com\/index.php?rest_route=\/wp\/v2\/posts\/3763"}],"collection":[{"href":"https:\/\/www.ecomusee-rural.com\/index.php?rest_route=\/wp\/v2\/posts"}],"about":[{"href":"https:\/\/www.ecomusee-rural.com\/index.php?rest_route=\/wp\/v2\/types\/post"}],"author":[{"embeddable":true,"href":"https:\/\/www.ecomusee-rural.com\/index.php?rest_route=\/wp\/v2\/users\/3"}],"replies":[{"embeddable":true,"href":"https:\/\/www.ecomusee-rural.com\/index.php?rest_route=%2Fwp%2Fv2%2Fcomments&post=3763"}],"version-history":[{"count":1,"href":"https:\/\/www.ecomusee-rural.com\/index.php?rest_route=\/wp\/v2\/posts\/3763\/revisions"}],"predecessor-version":[{"id":3765,"href":"https:\/\/www.ecomusee-rural.com\/index.php?rest_route=\/wp\/v2\/posts\/3763\/revisions\/3765"}],"wp:attachment":[{"href":"https:\/\/www.ecomusee-rural.com\/index.php?rest_route=%2Fwp%2Fv2%2Fmedia&parent=3763"}],"wp:term":[{"taxonomy":"category","embeddable":true,"href":"https:\/\/www.ecomusee-rural.com\/index.php?rest_route=%2Fwp%2Fv2%2Fcategories&post=3763"},{"taxonomy":"post_tag","embeddable":true,"href":"https:\/\/www.ecomusee-rural.com\/index.php?rest_route=%2Fwp%2Fv2%2Ftags&post=3763"}],"curies":[{"name":"wp","href":"https:\/\/api.w.org\/{rel}","templated":true}]}}