{"id":4258,"date":"2026-03-14T12:05:09","date_gmt":"2026-03-14T11:05:09","guid":{"rendered":"https:\/\/www.ecomusee-rural.com\/?p=4258"},"modified":"2025-12-01T12:07:10","modified_gmt":"2025-12-01T11:07:10","slug":"vide-grenier-2026-ecomusee","status":"publish","type":"post","link":"https:\/\/www.ecomusee-rural.com\/?p=4258","title":{"rendered":"Vide Grenier 2026 &#8211; Ecomus\u00e9e"},"content":{"rendered":"<p>L\u2019\u00e9quipe de l\u2019Ecomus\u00e9e Rural du Pays Nantais est ravie de vous inviter \u00e0 participer \u00e0 notre Vide-Grenier March\u00e9 de Printemps, qui se tiendra le dimanche 3 mai 2026. Nous serions enchant\u00e9s de vous retrouver parmi nos exposants et de vous offrir une nouvelle occasion de partager vos tr\u00e9sors dans un cadre champ\u00eatre et convivial.<\/p>\n<p>Pourquoi revenir ?<br \/>\nUn site agr\u00e9able : L\u2019Ecomus\u00e9e, une ancienne ferme restaur\u00e9e, vous offre un cadre unique et pittoresque pour exposer.<\/p>\n<p>Animations pour petits et grands : Des activit\u00e9s pour les enfants (parc \u00e0 jeux, ateliers) et une visite des lieux pour les familles et les passionn\u00e9s d\u2019histoire.<\/p>\n<p>Restauration de qualit\u00e9 : Profitez d\u2019un d\u00e9jeuner sur place, avec des options vari\u00e9es pour satisfaire tous les go\u00fbts.<\/p>\n<p>L\u2019inscription se fait facilement via HelloAsso, et nous vous invitons \u00e0 r\u00e9server votre emplacement d\u00e8s que possible, car les places sont limit\u00e9es. Bulletin et charte en PJ.<\/p>\n<p><a href=\"https:\/\/www.helloasso.com\/associations\/ecomusee-rural-du-pays-nantais\/evenements\/vide-grenier-ecomusee-rural-3-mai-2026\">https:\/\/www.helloasso.com\/associations\/ecomusee-rural-du-pays-nantais\/evenements\/vide-grenier-ecomusee-rural-3-mai-2026<\/a><\/p>\n<p>Nous esp\u00e9rons vous compter parmi nous pour cette belle journ\u00e9e de partage et de bonne humeur !<\/p>\n<p>Si vous avez des questions ou besoin de pr\u00e9cisions, n\u2019h\u00e9sitez pas \u00e0 nous contacter.<\/p>\n<p>\u00c0 tr\u00e8s bient\u00f4t,<br \/>\nL\u2019\u00e9quipe de l\u2019Ecomus\u00e9e Rural du Pays Nantais<br \/>\n<a href=\"https:\/\/www.ecomusee-rural.com\/wp-content\/uploads\/2025\/12\/Affiche-vide-grenier-2026.png\"><img loading=\"lazy\" class=\"aligncenter size-full wp-image-4259\" src=\"https:\/\/www.ecomusee-rural.com\/wp-content\/uploads\/2025\/12\/Affiche-vide-grenier-2026.png\" alt=\"\" width=\"1414\" height=\"2000\" srcset=\"https:\/\/www.ecomusee-rural.com\/wp-content\/uploads\/2025\/12\/Affiche-vide-grenier-2026.png 1414w, https:\/\/www.ecomusee-rural.com\/wp-content\/uploads\/2025\/12\/Affiche-vide-grenier-2026-212x300.png 212w, https:\/\/www.ecomusee-rural.com\/wp-content\/uploads\/2025\/12\/Affiche-vide-grenier-2026-724x1024.png 724w, https:\/\/www.ecomusee-rural.com\/wp-content\/uploads\/2025\/12\/Affiche-vide-grenier-2026-768x1086.png 768w, https:\/\/www.ecomusee-rural.com\/wp-content\/uploads\/2025\/12\/Affiche-vide-grenier-2026-1086x1536.png 1086w\" sizes=\"(max-width: 1414px) 100vw, 1414px\" \/><\/a><\/p>\n","protected":false},"excerpt":{"rendered":"<p>L\u2019\u00e9quipe de l\u2019Ecomus\u00e9e Rural du Pays Nantais est ravie de vous inviter \u00e0 participer \u00e0 notre Vide-Grenier March\u00e9 de Printemps, qui se tiendra le dimanche 3 mai 2026. Nous serions enchant\u00e9s de vous retrouver parmi nos exposants et de vous<\/p>\n","protected":false},"author":3,"featured_media":0,"comment_status":"open","ping_status":"open","sticky":false,"template":"","format":"standard","meta":[],"categories":[1],"tags":[],"acf":[],"_links":{"self":[{"href":"https:\/\/www.ecomusee-rural.com\/index.php?rest_route=\/wp\/v2\/posts\/4258"}],"collection":[{"href":"https:\/\/www.ecomusee-rural.com\/index.php?rest_route=\/wp\/v2\/posts"}],"about":[{"href":"https:\/\/www.ecomusee-rural.com\/index.php?rest_route=\/wp\/v2\/types\/post"}],"author":[{"embeddable":true,"href":"https:\/\/www.ecomusee-rural.com\/index.php?rest_route=\/wp\/v2\/users\/3"}],"replies":[{"embeddable":true,"href":"https:\/\/www.ecomusee-rural.com\/index.php?rest_route=%2Fwp%2Fv2%2Fcomments&post=4258"}],"version-history":[{"count":2,"href":"https:\/\/www.ecomusee-rural.com\/index.php?rest_route=\/wp\/v2\/posts\/4258\/revisions"}],"predecessor-version":[{"id":4261,"href":"https:\/\/www.ecomusee-rural.com\/index.php?rest_route=\/wp\/v2\/posts\/4258\/revisions\/4261"}],"wp:attachment":[{"href":"https:\/\/www.ecomusee-rural.com\/index.php?rest_route=%2Fwp%2Fv2%2Fmedia&parent=4258"}],"wp:term":[{"taxonomy":"category","embeddable":true,"href":"https:\/\/www.ecomusee-rural.com\/index.php?rest_route=%2Fwp%2Fv2%2Fcategories&post=4258"},{"taxonomy":"post_tag","embeddable":true,"href":"https:\/\/www.ecomusee-rural.com\/index.php?rest_route=%2Fwp%2Fv2%2Ftags&post=4258"}],"curies":[{"name":"wp","href":"https:\/\/api.w.org\/{rel}","templated":true}]}}