{"id":634,"date":"2019-03-15T12:07:36","date_gmt":"2019-03-15T11:07:36","guid":{"rendered":"http:\/\/www.ecomusee-rural.com\/?p=634"},"modified":"2019-03-15T12:07:36","modified_gmt":"2019-03-15T11:07:36","slug":"bientot-les-vacances-de-paques-tout-un-programme","status":"publish","type":"post","link":"https:\/\/www.ecomusee-rural.com\/?p=634","title":{"rendered":"Bient\u00f4t les vacances de P\u00e2ques: tout un programme"},"content":{"rendered":"<div id=\"pl-634\"  class=\"panel-layout\" ><div id=\"pg-634-0\"  class=\"panel-grid panel-no-style\" ><div id=\"pgc-634-0-0\"  class=\"panel-grid-cell\" ><div id=\"panel-634-0-0-0\" class=\"so-panel widget widget_sow-editor panel-first-child panel-last-child\" data-index=\"0\" ><div\n\t\t\t\n\t\t\tclass=\"so-widget-sow-editor so-widget-sow-editor-base\"\n\t\t\t\n\t\t>\n<div class=\"siteorigin-widget-tinymce textwidget\">\n\t<p>Les vacances de P\u00e2ques se pr\u00e9parent d\u00e9j\u00e0 \u00e0 l'Ecomus\u00e9e pour vous recevoir avec encore plus d'activit\u00e9s et de nouveaut\u00e9s comme \u00e0 chaque fois<\/p>\n<p>La fabrication de savon naturel artisanal et les matin\u00e9es consacr\u00e9es au chantournage (travail sur bois de pr\u00e9cision) seront les nouvelles activit\u00e9s propos\u00e9es.<\/p>\n<p>Les inscriptions sont d\u00e9j\u00e0 ouvertes!<\/p>\n<\/div>\n<\/div><\/div><\/div><\/div><div id=\"pg-634-1\"  class=\"panel-grid panel-no-style\" ><div id=\"pgc-634-1-0\"  class=\"panel-grid-cell\" ><div id=\"panel-634-1-0-0\" class=\"so-panel widget widget_sow-image panel-first-child panel-last-child\" data-index=\"1\" ><div\n\t\t\t\n\t\t\tclass=\"so-widget-sow-image so-widget-sow-image-default-d6014b76747a-634\"\n\t\t\t\n\t\t>\n\n<div class=\"sow-image-container\">\n\t\t<img src=\"https:\/\/www.ecomusee-rural.com\/wp-content\/uploads\/2019\/03\/flyers-vacances-avril-2019.jpg\" width=\"596\" height=\"1240\" srcset=\"https:\/\/www.ecomusee-rural.com\/wp-content\/uploads\/2019\/03\/flyers-vacances-avril-2019.jpg 596w, https:\/\/www.ecomusee-rural.com\/wp-content\/uploads\/2019\/03\/flyers-vacances-avril-2019-144x300.jpg 144w, https:\/\/www.ecomusee-rural.com\/wp-content\/uploads\/2019\/03\/flyers-vacances-avril-2019-492x1024.jpg 492w\" sizes=\"(max-width: 596px) 100vw, 596px\" title=\"flyers vacances avril 2019\" alt=\"\" loading=\"lazy\" \t\tclass=\"so-widget-image\"\/>\n\t<\/div>\n\n<\/div><\/div><\/div><div id=\"pgc-634-1-1\"  class=\"panel-grid-cell\" ><div id=\"panel-634-1-1-0\" class=\"so-panel widget widget_sow-editor panel-first-child panel-last-child\" data-index=\"2\" ><div\n\t\t\t\n\t\t\tclass=\"so-widget-sow-editor so-widget-sow-editor-base\"\n\t\t\t\n\t\t>\n<div class=\"siteorigin-widget-tinymce textwidget\">\n\t<div class=\"su-custom-gallery su-custom-gallery-title-hover\"><div class=\"su-custom-gallery-slide\"><a><img src=\"https:\/\/www.ecomusee-rural.com\/wp-content\/uploads\/2019\/03\/IMG_1998-250x250.jpg\" alt=\"IMG_1998\" width=\"250\" height=\"250\" \/><span class=\"su-custom-gallery-title\">IMG_1998<\/span><\/a><\/div><div class=\"su-custom-gallery-slide\"><a><img src=\"https:\/\/www.ecomusee-rural.com\/wp-content\/uploads\/2019\/03\/IMG_3445-250x250.jpg\" alt=\"IMG_3445\" width=\"250\" height=\"250\" \/><span class=\"su-custom-gallery-title\">IMG_3445<\/span><\/a><\/div><div class=\"su-custom-gallery-slide\"><a><img src=\"https:\/\/www.ecomusee-rural.com\/wp-content\/uploads\/2019\/03\/IMG_7310-e1552647669778.jpg\" alt=\"IMG_7310\" width=\"250\" height=\"250\" \/><span class=\"su-custom-gallery-title\">IMG_7310<\/span><\/a><\/div><div class=\"su-custom-gallery-slide\"><a><img src=\"https:\/\/www.ecomusee-rural.com\/wp-content\/uploads\/2019\/03\/IMG_7328-250x250.jpg\" alt=\"IMG_7328\" width=\"250\" height=\"250\" \/><span class=\"su-custom-gallery-title\">IMG_7328<\/span><\/a><\/div><div class=\"su-custom-gallery-slide\"><a><img src=\"https:\/\/www.ecomusee-rural.com\/wp-content\/uploads\/2019\/03\/pate-savon-250x250.png\" alt=\"pate-savon\" width=\"250\" height=\"250\" \/><span class=\"su-custom-gallery-title\">pate-savon<\/span><\/a><\/div><div class=\"su-clear\"><\/div><\/div>\n<\/div>\n<\/div><\/div><\/div><\/div><\/div>","protected":false},"excerpt":{"rendered":"<p>Les vacances de P\u00e2ques se pr\u00e9parent d\u00e9j\u00e0 \u00e0 l&rsquo;Ecomus\u00e9e pour vous recevoir avec encore plus d&rsquo;activit\u00e9s et de nouveaut\u00e9s comme \u00e0 chaque fois La fabrication de savon naturel artisanal et les matin\u00e9es consacr\u00e9es au chantournage (travail sur bois de pr\u00e9cision)<\/p>\n","protected":false},"author":3,"featured_media":0,"comment_status":"open","ping_status":"open","sticky":false,"template":"","format":"standard","meta":[],"categories":[1],"tags":[],"acf":[],"_links":{"self":[{"href":"https:\/\/www.ecomusee-rural.com\/index.php?rest_route=\/wp\/v2\/posts\/634"}],"collection":[{"href":"https:\/\/www.ecomusee-rural.com\/index.php?rest_route=\/wp\/v2\/posts"}],"about":[{"href":"https:\/\/www.ecomusee-rural.com\/index.php?rest_route=\/wp\/v2\/types\/post"}],"author":[{"embeddable":true,"href":"https:\/\/www.ecomusee-rural.com\/index.php?rest_route=\/wp\/v2\/users\/3"}],"replies":[{"embeddable":true,"href":"https:\/\/www.ecomusee-rural.com\/index.php?rest_route=%2Fwp%2Fv2%2Fcomments&post=634"}],"version-history":[{"count":2,"href":"https:\/\/www.ecomusee-rural.com\/index.php?rest_route=\/wp\/v2\/posts\/634\/revisions"}],"predecessor-version":[{"id":642,"href":"https:\/\/www.ecomusee-rural.com\/index.php?rest_route=\/wp\/v2\/posts\/634\/revisions\/642"}],"wp:attachment":[{"href":"https:\/\/www.ecomusee-rural.com\/index.php?rest_route=%2Fwp%2Fv2%2Fmedia&parent=634"}],"wp:term":[{"taxonomy":"category","embeddable":true,"href":"https:\/\/www.ecomusee-rural.com\/index.php?rest_route=%2Fwp%2Fv2%2Fcategories&post=634"},{"taxonomy":"post_tag","embeddable":true,"href":"https:\/\/www.ecomusee-rural.com\/index.php?rest_route=%2Fwp%2Fv2%2Ftags&post=634"}],"curies":[{"name":"wp","href":"https:\/\/api.w.org\/{rel}","templated":true}]}}